{"id":173,"date":"2024-04-24T08:18:02","date_gmt":"2024-04-24T08:18:02","guid":{"rendered":"https:\/\/www.sivatagirozsa.hu\/?p=173"},"modified":"2024-04-25T07:46:48","modified_gmt":"2024-04-25T07:46:48","slug":"he-testver-bojtolsz-e","status":"publish","type":"post","link":"https:\/\/www.sivatagirozsa.hu\/?p=173","title":{"rendered":"H\u00e9 Testv\u00e9r! B\u00f6jt\u00f6lsz-e?"},"content":{"rendered":"\n<p>Feltett\u00e9k m\u00e1r Neked ezt a k\u00e9rd\u00e9st? Nekem m\u00e9g nem. De magammal szemben megtettem. A v\u00e1laszom egy hat\u00e1rozott\u2026 \u00f6\u00f6\u00f6\u2026 vagyis mi van?<\/p>\n\n\n\n<p>\u0150sszel 22 \u00e9ve lesz, hogy megt\u00e9rtem \u00e9s felismertem \u00e9letemben J\u00e9zust, az\u00f3ta akarom Vele t\u00f6lteni minden napom. Nekem el\u0151tte is volt Vele kapcsolatom, ahogy szerintem mindenkinek, de az\u00e9rt ez a d\u00f6nt\u00e9sem fenekest\u00fcl felforgatta a mindennapjaim, a kapcsolataim \u00e9s az \u00e9letc\u00e9lom.<br>Ahogy haladtam el\u0151re \u00e9letemben, tanultam hitr\u0151l, Istenr\u0151l, vall\u00e1sr\u00f3l, r\u00e9szt vettem lelkigyakorlatokon, mentem zar\u00e1ndokolni &#8211; sz\u00f3val cselekedtem a vall\u00e1sos dolgokat, fejl\u0151d\u00f6tt a kommunik\u00e1ci\u00f3m is Vele. \u00c9s igen, b\u00f6jt\u00f6ltem is. Lemondtam \u00e9telr\u0151l heti t\u00f6bb nap, a napi \u00e9telp\u00e9nzem j\u00f3t\u00e9konykod\u00e1sra ment (na nem mintha olyan sok lett volna\u2026:)) im\u00e1val, Szentmis\u00e9vel, dics\u0151\u00edt\u00e9ssel t\u00f6lt\u00f6ttem ki a szabadid\u0151m. Amikor egyed\u00fcl \u00e9ltem, csak magammal foglalkoztam.<\/p>\n\n\n\n<p>De els\u0151 gyermekem megfogan\u00e1sa ut\u00e1n valami nagyon \u00e1tfordult. Olyan vall\u00e1sos cselekedet lett a b\u00f6jt, amiben nem tal\u00e1ltam J\u00e9zust, sehol. Csak egy vall\u00e1sos k\u00e9nyszert, ami t\u00e1vol tart az \u00d6r\u00f6mt\u0151l, a Szentl\u00e9lek \u00f6r\u00f6m\u00e9t\u0151l.<\/p>\n\n\n\n<p>\u201eJ\u00e9zus ezt mondta nekik: Vajon b\u00f6jt\u00f6lhet-e a n\u00e1szn\u00e9p, am\u00edg vel\u00fck van a v\u0151leg\u00e9ny?\u201d Nem igaz\u00e1n szeretek bibliai id\u00e9zetekkel dob\u00e1l\u00f3zni, nem csup\u00e1n az\u00e9rt mert nekem nem megy, hanem mert csak egy mondatot kiragadva a kontextusb\u00f3l el\u00e9g sok furcsas\u00e1got l\u00e1thatunk meg (kiragadhatom, hogy \u201enincs Isten\u201d, vagy \u201eaki nem dolgozik, ne is egy\u00e9k\u201d mondatot, de saj\u00e1t sz\u00f6vegk\u00f6rnyezet\u00fckben eg\u00e9sz m\u00e1s a jelent\u00e9se. ). Ezek miatt \u00f3vatos vagyok az ilyen szlogen mondatokkal.<\/p>\n\n\n\n<p>Viszont mivel J\u00e9zust igen k\u00f6zel \u00e9rzem magamhoz, ez\u00e9rt \u0150 \u00e9rte nem mondok le semmir\u0151l, amire a testemnek sz\u00fcks\u00e9ge van. De azt\u00e1n igaz\u00e1b\u00f3l m\u00e9gis megteszem. Hogyan is van ez a csavar? Sok emberi t\u00f6rt\u00e9netet engedek a sz\u00edvembe. Minden fogyaszt\u00f3i d\u00f6nt\u00e9sem m\u00f6g\u00f6tt ezek a t\u00f6rt\u00e9netek ott vannak. Lemondok sokszor k\u00e9nyelmi dolgokr\u00f3l, s\u0151t ink\u00e1bb v\u00e1lasztok munk\u00e1sabb utat. Ilyen p\u00e9ld\u00e1ul egy kacsas\u00fclt. Lev\u00e1gom, megpucolom, felbontom, megs\u00fct\u00f6m. Nem lesz bel\u0151le t\u00f6bb napi men\u00fc, de szem el\u0151tt tartom, hogy nem sz\u00fcks\u00e9ges minden nap h\u00fast enni. \u00c9s a b\u00f6jt itt kapcsol\u00f3dik a szel\u00edds\u00e9ghez, ahhoz, hogy teret engedek m\u00e1soknak is az \u00e9lhet\u0151bb \u00e9letre. Tisztelem a m\u00e1sik embert, akiben szint\u00e9n J\u00e9zus \u00e9l, aki\u00e9rt \u0150 meghalt. \u00d3ce\u00e1ni k\u00f6rnyezetben az emberek \u00e9vezredek \u00f3ta hal\u00e1szatb\u00f3l \u00e9lnek. Nem titok, hogy a nagy\u00fczemi lehal\u00e1sz\u00e1s miatt \u0151k kevesebb halhoz jutnak. Kell nekem &#8211; magyarorsz\u00e1gi lakosk\u00e9nt &#8211; kil\u00f3sz\u00e1m tengeri halat ennem? Csak az\u00e9rt mert a kutat\u00e1sok azt igazolj\u00e1k, hogy ez kell a minden ember test\u00e9nek, \u00e9s pont. H\u00e1t azt gondolom, hogy a saj\u00e1t kis k\u00f6rnyezet\u00fcnk k\u00e9pes ell\u00e1tni minden sz\u00fcks\u00e9gessel egy teljesen \u00e1tlagos, \u00e1ltal\u00e1nosan j\u00f3 eg\u00e9szs\u00e9gi \u00e1llapot\u00fa embert.<\/p>\n\n\n\n<p>Jaj de szeretem a reggeli kapucs\u00edn\u00f3m (van egy j\u00f3 kis francia k\u00e1v\u00e9k\u00e9sz\u00edt\u0151m, azzal pump\u00e1lom a tejhabot a k\u00e1v\u00e9mhoz), nekem ez a reggelim. A tej, amit fogyasztunk olyan tartalmas, hogy gyakran d\u00e9lig er\u0151t ad, m\u00e9g munka mellett is. Lemondan\u00e9k-e r\u00f3la? Igen. Szeretem, hogy van lehet\u0151s\u00e9gem k\u00e1v\u00e9t inni, vagy te\u00e1t. Ezek tal\u00e1n azok a luxus term\u00e9kek, amiket megvesz\u00fcnk, b\u00e1r nem csak \u00e9n fogyasztom. Nem szeretn\u00e9m, ha b\u00e1rki \u00edt\u00e9lkez\u00e9snek \u00e9ln\u00e9 meg a gondolatom. Hosszabb, kacif\u00e1ntosabb eszmefuttat\u00e1som arra a c\u00e9lra szeretett volna elvezetni, hogy a b\u00f6jt ugyan vall\u00e1sos cselekedet, \u00e9s \u00f6nmag\u00e1ban nem fog Istenhez k\u00f6zelebb vinni, hisz neki semmi cselekedet\u00fcnkre nincs sz\u00fcks\u00e9ge, \u0150 benn\u00fcnket \u00f6nmagunk\u00e9rt szeret. De amikor a j\u00f3t (mert ez egy j\u00f3 cselekedet) testv\u00e9r\u00fcnk, embert\u00e1rsunk fel\u00e9 tessz\u00fck \u00e9s megetetj\u00fck az \u00e9hez\u0151t abb\u00f3l a p\u00e9nzb\u0151l, amir\u0151l lemondtunk, igaz\u00e1n j\u00f3t tett\u00fcnk. Amikor a sz\u00edv\u00fcnkben hordozunk t\u0151l\u00fcnk t\u00e1vol \u00e9l\u0151ket, kapcsol\u00f3dunk vel\u00fck l\u00e9lekben, egys\u00e9g alakul Krisztus test\u00e9ben. \u00c9s mi form\u00e1l\u00f3dunk. Szeret\u0151bb, nyitottabb emberekk\u00e9 v\u00e1lunk, akik k\u00e9szek k\u00e9nyelmetlen\u00fcl \u00e9lni, csak az\u00e9rt, hogy m\u00e1s \u00e9lhessen.<\/p>\n\n\n\n<p>A b\u00f6jt, szeretet. Az, amikor szeretem \u00e9s tisztelem a m\u00e1sikat \u00fagy, hogy fogalmam nincs kicsoda, de tudom, hogy \u0151 is Isten gyermeke, akit \u0150 v\u00e9gtelen\u00fcl szeret, \u00e9s gyermekk\u00e9nt a testv\u00e9rem. Az is aki m\u00e9g nem sz\u00fcletett meg. Nem ehetem meg el\u0151le a F\u00f6ldet\u2026\u00e9s a legut\u00f3bbi bejegyz\u00e9semhez itt kapcsolom ezeket a sorokat, mert abban is l\u00e9nyeg\u00e9ben err\u0151l \u00edrtam.<\/p>\n\n\n\n<p>Visszat\u00e9rve az ind\u00edt\u00f3 k\u00e9rd\u00e9semre, v\u00e1laszolok: igen b\u00f6jt\u00f6l\u00f6k, eg\u00e9sz \u00e9vben amikor csak tehetem. Lemondok \u00e9telr\u0151l, k\u00e9nyelemr\u0151l van mikor csak saj\u00e1t csal\u00e1dom jav\u00e1ra, de van mikor egy ismeretlen\u00e9rt. \u00c9s nem vagyok ett\u0151l jobb ember, egyszer\u0171en megv\u00e1ltott, megigaz\u00edtott emberk\u00e9nt (akik mind vagyunk) k\u00e9sztet\u00e9sem van r\u00e1, hogy krisztusibb utat j\u00e1rjak. Hogy belebukom-e \u00e9s megveszek egy k\u00f6nyvcsomagot? \u0150\u0151\u0151\u0151 h\u00e1t igen, most is megesett. De ez nem l\u00e9nyeg. Sosem lesz a f\u00f6ldi \u00e9let\u00fcnkben semmi t\u00f6k\u00e9letes. Nem sz\u00e1m\u00edt h\u00e1nyszor tett\u00fcnk j\u00f3t, rosszat. Az \u00f6r\u00f6k \u00e9let\u00fcnk a Mennyben el\u0151 van k\u00e9sz\u00edtve, J\u00e9zus mindent elv\u00e9gzett m\u00e1r. De j\u00f3, ha m\u00e1r a f\u00f6ldi \u00e9let\u00fcnkben \u00e9rezz\u00fck annak \u00f6r\u00f6m\u00e9t, milyen J\u00e9zussal egy\u00fctt tev\u00e9kenykedni, l\u00e1tni a ragyog\u00e1s\u00e1t a tiszta, \u00f6nzetlen emberi kapcsolatoknak. Egyszer\u0171en szebb \u00edgy az \u00e9let.<\/p>\n","protected":false},"excerpt":{"rendered":"<p>Feltett\u00e9k m\u00e1r Neked ezt a k\u00e9rd\u00e9st? Nekem m\u00e9g nem. De magammal szemben megtettem. A v\u00e1laszom egy hat\u00e1rozott\u2026 \u00f6\u00f6\u00f6\u2026 vagyis mi van? \u0150sszel 22 \u00e9ve lesz, hogy megt\u00e9rtem \u00e9s felismertem \u00e9letemben J\u00e9zust, az\u00f3ta akarom Vele t\u00f6lteni minden napom. Nekem el\u0151tte is volt Vele kapcsolatom, ahogy szerintem mindenkinek, de az\u00e9rt ez a d\u00f6nt\u00e9sem fenekest\u00fcl felforgatta a mindennapjaim, [&hellip;]<\/p>\n","protected":false},"author":1,"featured_media":176,"comment_status":"open","ping_status":"open","sticky":false,"template":"","format":"standard","meta":{"_monsterinsights_skip_tracking":false,"_monsterinsights_sitenote_active":false,"_monsterinsights_sitenote_note":"","_monsterinsights_sitenote_category":0,"footnotes":""},"categories":[18],"tags":[],"yoast_head":"<!-- This site is optimized with the Yoast SEO plugin v22.8 - https:\/\/yoast.com\/wordpress\/plugins\/seo\/ -->\n<title>H\u00e9 Testv\u00e9r! B\u00f6jt\u00f6lsz-e? - Sivatagi r\u00f3zsa<\/title>\n<meta name=\"robots\" content=\"index, follow, max-snippet:-1, max-image-preview:large, max-video-preview:-1\" \/>\n<link rel=\"canonical\" href=\"https:\/\/www.sivatagirozsa.hu\/?p=173\" \/>\n<meta property=\"og:locale\" content=\"hu_HU\" \/>\n<meta property=\"og:type\" content=\"article\" \/>\n<meta property=\"og:title\" content=\"H\u00e9 Testv\u00e9r! B\u00f6jt\u00f6lsz-e? - Sivatagi r\u00f3zsa\" \/>\n<meta property=\"og:description\" content=\"Feltett\u00e9k m\u00e1r Neked ezt a k\u00e9rd\u00e9st? Nekem m\u00e9g nem. De magammal szemben megtettem. A v\u00e1laszom egy hat\u00e1rozott\u2026 \u00f6\u00f6\u00f6\u2026 vagyis mi van? \u0150sszel 22 \u00e9ve lesz, hogy megt\u00e9rtem \u00e9s felismertem \u00e9letemben J\u00e9zust, az\u00f3ta akarom Vele t\u00f6lteni minden napom. Nekem el\u0151tte is volt Vele kapcsolatom, ahogy szerintem mindenkinek, de az\u00e9rt ez a d\u00f6nt\u00e9sem fenekest\u00fcl felforgatta a mindennapjaim, [&hellip;]\" \/>\n<meta property=\"og:url\" content=\"https:\/\/www.sivatagirozsa.hu\/?p=173\" \/>\n<meta property=\"og:site_name\" content=\"Sivatagi r\u00f3zsa\" \/>\n<meta property=\"article:published_time\" content=\"2024-04-24T08:18:02+00:00\" \/>\n<meta property=\"article:modified_time\" content=\"2024-04-25T07:46:48+00:00\" \/>\n<meta property=\"og:image\" content=\"https:\/\/www.sivatagirozsa.hu\/wp-content\/uploads\/2024\/04\/P1080165-e1713946637553.jpg\" \/>\n\t<meta property=\"og:image:width\" content=\"2048\" \/>\n\t<meta property=\"og:image:height\" content=\"1286\" \/>\n\t<meta property=\"og:image:type\" content=\"image\/jpeg\" \/>\n<meta name=\"author\" content=\"helga01\" \/>\n<meta name=\"twitter:card\" content=\"summary_large_image\" \/>\n<meta name=\"twitter:label1\" content=\"Szerz\u0151:\" \/>\n\t<meta name=\"twitter:data1\" content=\"helga01\" \/>\n\t<meta name=\"twitter:label2\" content=\"Becs\u00fclt olvas\u00e1si id\u0151\" \/>\n\t<meta name=\"twitter:data2\" content=\"5 perc\" \/>\n<script type=\"application\/ld+json\" class=\"yoast-schema-graph\">{\"@context\":\"https:\/\/schema.org\",\"@graph\":[{\"@type\":\"WebPage\",\"@id\":\"https:\/\/www.sivatagirozsa.hu\/?p=173\",\"url\":\"https:\/\/www.sivatagirozsa.hu\/?p=173\",\"name\":\"H\u00e9 Testv\u00e9r! B\u00f6jt\u00f6lsz-e? - Sivatagi r\u00f3zsa\",\"isPartOf\":{\"@id\":\"https:\/\/www.sivatagirozsa.hu\/#website\"},\"primaryImageOfPage\":{\"@id\":\"https:\/\/www.sivatagirozsa.hu\/?p=173#primaryimage\"},\"image\":{\"@id\":\"https:\/\/www.sivatagirozsa.hu\/?p=173#primaryimage\"},\"thumbnailUrl\":\"https:\/\/www.sivatagirozsa.hu\/wp-content\/uploads\/2024\/04\/P1080165-e1713946637553.jpg\",\"datePublished\":\"2024-04-24T08:18:02+00:00\",\"dateModified\":\"2024-04-25T07:46:48+00:00\",\"author\":{\"@id\":\"https:\/\/www.sivatagirozsa.hu\/#\/schema\/person\/3a4d2febff4efd5ca805221524c51aa4\"},\"breadcrumb\":{\"@id\":\"https:\/\/www.sivatagirozsa.hu\/?p=173#breadcrumb\"},\"inLanguage\":\"hu\",\"potentialAction\":[{\"@type\":\"ReadAction\",\"target\":[\"https:\/\/www.sivatagirozsa.hu\/?p=173\"]}]},{\"@type\":\"ImageObject\",\"inLanguage\":\"hu\",\"@id\":\"https:\/\/www.sivatagirozsa.hu\/?p=173#primaryimage\",\"url\":\"https:\/\/www.sivatagirozsa.hu\/wp-content\/uploads\/2024\/04\/P1080165-e1713946637553.jpg\",\"contentUrl\":\"https:\/\/www.sivatagirozsa.hu\/wp-content\/uploads\/2024\/04\/P1080165-e1713946637553.jpg\",\"width\":2048,\"height\":1286},{\"@type\":\"BreadcrumbList\",\"@id\":\"https:\/\/www.sivatagirozsa.hu\/?p=173#breadcrumb\",\"itemListElement\":[{\"@type\":\"ListItem\",\"position\":1,\"name\":\"Home\",\"item\":\"https:\/\/www.sivatagirozsa.hu\/\"},{\"@type\":\"ListItem\",\"position\":2,\"name\":\"H\u00e9 Testv\u00e9r! B\u00f6jt\u00f6lsz-e?\"}]},{\"@type\":\"WebSite\",\"@id\":\"https:\/\/www.sivatagirozsa.hu\/#website\",\"url\":\"https:\/\/www.sivatagirozsa.hu\/\",\"name\":\"Sivatagi r\u00f3zsa\",\"description\":\"Helgi blogja hitr\u0151l, csal\u00e1dr\u00f3l, finoms\u00e1gokr\u00f3l a tany\u00e1r\u00f3l.\",\"potentialAction\":[{\"@type\":\"SearchAction\",\"target\":{\"@type\":\"EntryPoint\",\"urlTemplate\":\"https:\/\/www.sivatagirozsa.hu\/?s={search_term_string}\"},\"query-input\":\"required name=search_term_string\"}],\"inLanguage\":\"hu\"},{\"@type\":\"Person\",\"@id\":\"https:\/\/www.sivatagirozsa.hu\/#\/schema\/person\/3a4d2febff4efd5ca805221524c51aa4\",\"name\":\"helga01\",\"image\":{\"@type\":\"ImageObject\",\"inLanguage\":\"hu\",\"@id\":\"https:\/\/www.sivatagirozsa.hu\/#\/schema\/person\/image\/\",\"url\":\"https:\/\/secure.gravatar.com\/avatar\/6f93e780b2b1f17b2e237de3f8e41930?s=96&d=mm&r=g\",\"contentUrl\":\"https:\/\/secure.gravatar.com\/avatar\/6f93e780b2b1f17b2e237de3f8e41930?s=96&d=mm&r=g\",\"caption\":\"helga01\"},\"sameAs\":[\"https:\/\/www.sivatagirozsa.hu\"],\"url\":\"https:\/\/www.sivatagirozsa.hu\/?author=1\"}]}<\/script>\n<!-- \/ Yoast SEO plugin. -->","yoast_head_json":{"title":"H\u00e9 Testv\u00e9r! B\u00f6jt\u00f6lsz-e? - Sivatagi r\u00f3zsa","robots":{"index":"index","follow":"follow","max-snippet":"max-snippet:-1","max-image-preview":"max-image-preview:large","max-video-preview":"max-video-preview:-1"},"canonical":"https:\/\/www.sivatagirozsa.hu\/?p=173","og_locale":"hu_HU","og_type":"article","og_title":"H\u00e9 Testv\u00e9r! B\u00f6jt\u00f6lsz-e? - Sivatagi r\u00f3zsa","og_description":"Feltett\u00e9k m\u00e1r Neked ezt a k\u00e9rd\u00e9st? Nekem m\u00e9g nem. De magammal szemben megtettem. A v\u00e1laszom egy hat\u00e1rozott\u2026 \u00f6\u00f6\u00f6\u2026 vagyis mi van? \u0150sszel 22 \u00e9ve lesz, hogy megt\u00e9rtem \u00e9s felismertem \u00e9letemben J\u00e9zust, az\u00f3ta akarom Vele t\u00f6lteni minden napom. Nekem el\u0151tte is volt Vele kapcsolatom, ahogy szerintem mindenkinek, de az\u00e9rt ez a d\u00f6nt\u00e9sem fenekest\u00fcl felforgatta a mindennapjaim, [&hellip;]","og_url":"https:\/\/www.sivatagirozsa.hu\/?p=173","og_site_name":"Sivatagi r\u00f3zsa","article_published_time":"2024-04-24T08:18:02+00:00","article_modified_time":"2024-04-25T07:46:48+00:00","og_image":[{"width":2048,"height":1286,"url":"https:\/\/www.sivatagirozsa.hu\/wp-content\/uploads\/2024\/04\/P1080165-e1713946637553.jpg","type":"image\/jpeg"}],"author":"helga01","twitter_card":"summary_large_image","twitter_misc":{"Szerz\u0151:":"helga01","Becs\u00fclt olvas\u00e1si id\u0151":"5 perc"},"schema":{"@context":"https:\/\/schema.org","@graph":[{"@type":"WebPage","@id":"https:\/\/www.sivatagirozsa.hu\/?p=173","url":"https:\/\/www.sivatagirozsa.hu\/?p=173","name":"H\u00e9 Testv\u00e9r! B\u00f6jt\u00f6lsz-e? - Sivatagi r\u00f3zsa","isPartOf":{"@id":"https:\/\/www.sivatagirozsa.hu\/#website"},"primaryImageOfPage":{"@id":"https:\/\/www.sivatagirozsa.hu\/?p=173#primaryimage"},"image":{"@id":"https:\/\/www.sivatagirozsa.hu\/?p=173#primaryimage"},"thumbnailUrl":"https:\/\/www.sivatagirozsa.hu\/wp-content\/uploads\/2024\/04\/P1080165-e1713946637553.jpg","datePublished":"2024-04-24T08:18:02+00:00","dateModified":"2024-04-25T07:46:48+00:00","author":{"@id":"https:\/\/www.sivatagirozsa.hu\/#\/schema\/person\/3a4d2febff4efd5ca805221524c51aa4"},"breadcrumb":{"@id":"https:\/\/www.sivatagirozsa.hu\/?p=173#breadcrumb"},"inLanguage":"hu","potentialAction":[{"@type":"ReadAction","target":["https:\/\/www.sivatagirozsa.hu\/?p=173"]}]},{"@type":"ImageObject","inLanguage":"hu","@id":"https:\/\/www.sivatagirozsa.hu\/?p=173#primaryimage","url":"https:\/\/www.sivatagirozsa.hu\/wp-content\/uploads\/2024\/04\/P1080165-e1713946637553.jpg","contentUrl":"https:\/\/www.sivatagirozsa.hu\/wp-content\/uploads\/2024\/04\/P1080165-e1713946637553.jpg","width":2048,"height":1286},{"@type":"BreadcrumbList","@id":"https:\/\/www.sivatagirozsa.hu\/?p=173#breadcrumb","itemListElement":[{"@type":"ListItem","position":1,"name":"Home","item":"https:\/\/www.sivatagirozsa.hu\/"},{"@type":"ListItem","position":2,"name":"H\u00e9 Testv\u00e9r! B\u00f6jt\u00f6lsz-e?"}]},{"@type":"WebSite","@id":"https:\/\/www.sivatagirozsa.hu\/#website","url":"https:\/\/www.sivatagirozsa.hu\/","name":"Sivatagi r\u00f3zsa","description":"Helgi blogja hitr\u0151l, csal\u00e1dr\u00f3l, finoms\u00e1gokr\u00f3l a tany\u00e1r\u00f3l.","potentialAction":[{"@type":"SearchAction","target":{"@type":"EntryPoint","urlTemplate":"https:\/\/www.sivatagirozsa.hu\/?s={search_term_string}"},"query-input":"required name=search_term_string"}],"inLanguage":"hu"},{"@type":"Person","@id":"https:\/\/www.sivatagirozsa.hu\/#\/schema\/person\/3a4d2febff4efd5ca805221524c51aa4","name":"helga01","image":{"@type":"ImageObject","inLanguage":"hu","@id":"https:\/\/www.sivatagirozsa.hu\/#\/schema\/person\/image\/","url":"https:\/\/secure.gravatar.com\/avatar\/6f93e780b2b1f17b2e237de3f8e41930?s=96&d=mm&r=g","contentUrl":"https:\/\/secure.gravatar.com\/avatar\/6f93e780b2b1f17b2e237de3f8e41930?s=96&d=mm&r=g","caption":"helga01"},"sameAs":["https:\/\/www.sivatagirozsa.hu"],"url":"https:\/\/www.sivatagirozsa.hu\/?author=1"}]}},"_links":{"self":[{"href":"https:\/\/www.sivatagirozsa.hu\/index.php?rest_route=\/wp\/v2\/posts\/173"}],"collection":[{"href":"https:\/\/www.sivatagirozsa.hu\/index.php?rest_route=\/wp\/v2\/posts"}],"about":[{"href":"https:\/\/www.sivatagirozsa.hu\/index.php?rest_route=\/wp\/v2\/types\/post"}],"author":[{"embeddable":true,"href":"https:\/\/www.sivatagirozsa.hu\/index.php?rest_route=\/wp\/v2\/users\/1"}],"replies":[{"embeddable":true,"href":"https:\/\/www.sivatagirozsa.hu\/index.php?rest_route=%2Fwp%2Fv2%2Fcomments&post=173"}],"version-history":[{"count":5,"href":"https:\/\/www.sivatagirozsa.hu\/index.php?rest_route=\/wp\/v2\/posts\/173\/revisions"}],"predecessor-version":[{"id":181,"href":"https:\/\/www.sivatagirozsa.hu\/index.php?rest_route=\/wp\/v2\/posts\/173\/revisions\/181"}],"wp:featuredmedia":[{"embeddable":true,"href":"https:\/\/www.sivatagirozsa.hu\/index.php?rest_route=\/wp\/v2\/media\/176"}],"wp:attachment":[{"href":"https:\/\/www.sivatagirozsa.hu\/index.php?rest_route=%2Fwp%2Fv2%2Fmedia&parent=173"}],"wp:term":[{"taxonomy":"category","embeddable":true,"href":"https:\/\/www.sivatagirozsa.hu\/index.php?rest_route=%2Fwp%2Fv2%2Fcategories&post=173"},{"taxonomy":"post_tag","embeddable":true,"href":"https:\/\/www.sivatagirozsa.hu\/index.php?rest_route=%2Fwp%2Fv2%2Ftags&post=173"}],"curies":[{"name":"wp","href":"https:\/\/api.w.org\/{rel}","templated":true}]}}