{"id":182,"date":"2024-06-07T13:06:55","date_gmt":"2024-06-07T13:06:55","guid":{"rendered":"https:\/\/www.sivatagirozsa.hu\/?p=182"},"modified":"2024-06-07T13:08:56","modified_gmt":"2024-06-07T13:08:56","slug":"a-szabadsag-ara","status":"publish","type":"post","link":"https:\/\/www.sivatagirozsa.hu\/?p=182","title":{"rendered":"A szabads\u00e1g \u00e1ra"},"content":{"rendered":"\n<p>Ki l\u00e1tta a <em>H\u00fcly\u00e9k paradicsoma<\/em> c. filmet? \u00c9rdemes megn\u00e9zni \u00e9s megd\u00f6bbenni a jelenen \u00e9s j\u00f3kat r\u00f6h\u00f6gni, magunkon&#8230; Magunkon, mert jelen korunkat l\u00e1thatjuk a filmen.<\/p>\n\n\n\n<p>A minap volt D napi megeml\u00e9kez\u00e9s, Franciaorsz\u00e1gb\u00f3l k\u00f6zvet\u00edtve l\u00e1ttam p\u00e1r jelenetet. USA eln\u00f6ke is besz\u00e9lt. Mes\u00e9lt arr\u00f3l, hogy a szabads\u00e1gnak \u00e1ra van, amit meg kell fizetni. A baj ezzel csak annyi, hogy ezt az \u00e1rat m\u00e1r megfizette J\u00e9zus a kereszten. Mi szabadok \u00e9s megigaz\u00edtottak vagyunk \u00e9s \u00fcdv\u00f6ss\u00e9g\u00fcnk van, csak ehhez m\u00e9rten, ennek a fantasztikumnak a tudat\u00e1ban k\u00e9ne \u00e9ln\u00fcnk, \u00e9s napra nap megt\u00e9rve rossz dolgainkb\u00f3l Krisztusibbnak lenn\u00fcnk. Ehhez csak hinni kell abban, hogy az Atya t\u00f6k\u00e9letesnek, szentnek l\u00e1t, J\u00e9zus helyretette a kapcsolatunkat. Nem jelenti azt, hogy egyik napr\u00f3l a m\u00e1sikra megt\u00f6rt\u00e9nik, vannak olyanok, mint \u00e9n is, akiknek ez egy hossz\u00fa \u00e9leten \u00e1t tart\u00f3 folyamat, sok le\u00e1ll\u00e1ssal \u00e9s fellend\u00fcl\u00e9ssel. De azt biztosan tudom, hogy Szentl\u00e9lek sugall \u00e9s seg\u00edt a tisztul\u00e1sban. \u00c9n tisztulok az \u00edt\u00e9lkez\u00e9sb\u0151l \u00e9s a vall\u00e1soss\u00e1gb\u00f3l. Szabadabban \u00e9s emberszeret\u0151bben gondolkodok \u00e9s \u00e9rzek is, \u00e9s ezt nem \u00e9n m\u0171velem, csak engedem, hogy amit magamban felismerek, az a j\u00f3 ir\u00e1nyba v\u00e1ltozhasson.<\/p>\n\n\n\n<p>Szabad vagyok, hogy l\u00e1ssam az \u00e1lmessi\u00e1sok tev\u00e9kenys\u00e9g\u00e9t, \u00e9s mer\u00e9szen ezt le is \u00edrom most. T\u00fal sok\u00e1ig cenz\u00far\u00e1ztam \u00f6nmagam, t\u00fal finomkod\u00f3an fogalmaztam.<\/p>\n\n\n\n<p>Sz\u00f3val \u201eF\u00e9ljen Gy\u00f6rgy herceg! F\u00e9ljen Gy\u00f6rgy herceg!\u201d \u00dajabb filmid\u00e9zet ez\u00fattal a <em>Fekete viper\u00e1<\/em>b\u00f3l. Ez egy angol sorozat (Rowan Atkinson, Tony Robinson, Hugh Laurie) a harmadik \u00e9vada egy sek\u00e9lyes, tivorny\u00e1z\u00f3 angol hercegr\u0151l \u00e9s annak kifigur\u00e1z\u00e1s\u00e1r\u00f3l sz\u00f3l. A herceg (Gy\u00f6rgy) legnagyobb probl\u00e9m\u00e1ja, hogy kicsapong\u00e1sai k\u00f6zepette mindig elveszti harisny\u00e1it. M\u00e1r a vagyona is vesz\u00e9lyben emiatt. Egyszer b\u00fcszk\u00e9n mes\u00e9li, hogy mennyire szereti \u0151t a n\u00e9p, mire a komornyikja felvil\u00e1gos\u00edtja, hogy nem azt skand\u00e1lt\u00e1k, hogy \u00c9ljen Gy\u00f6rgy herceg, hanem: F\u00e9ljen Gy\u00f6rgy herceg.<\/p>\n\n\n\n<p>Valami hasonl\u00f3 van most kis haz\u00e1nkban is. V\u00e1laszt\u00e1sok j\u00f6nnek, \u00e9s megyek megteszem ami t\u0151lem telik \u00e9s megpr\u00f3b\u00e1lom \u00e9n is elt\u00fcntetni vezet\u0151i sz\u00e9kekb\u0151l a FIDESZ-KDNP embereit.<\/p>\n\n\n\n<p>Soha, de soha nem szavazn\u00e9k r\u00e1juk, mert egy \u00e1lszent, hazug, felel\u0151tlen banda, akik lopnak, csalnak hazudnak.<\/p>\n\n\n\n<p>Csal\u00e1dok menek\u00fclnek k\u00fclf\u00f6ldre csak, mert gyermekeiknek jobb eg\u00e9szs\u00e9g\u00fcgyi ell\u00e1t\u00e1st, nyugodtabb t\u00e1rsadalmat k\u00edv\u00e1nnak.<\/p>\n\n\n\n<p>Hogy lehet, hogy Magyarorsz\u00e1gon hetekig nincs seb\u00e9szeti ell\u00e1t\u00e1sa h\u00e1rom megy\u00e9nyi gyermeknek? Hogy volt k\u00e9p\u00fck hallgat\u00e1sra k\u00e9nyszer\u00edteni minden \u00e9rintettet, dolgoz\u00f3t? Rendszeresen j\u00e1rok n\u00e9gyesk\u00e9vel Szegedre a gyermekklinik\u00e1ra. Az id\u0151 alatt is voltam, mikor m\u00e1r nem lehetett a gyermekseb\u00e9szeten m\u0171t\u00e9teket v\u00e9gezni. Semmir\u0151l nem hallottam, semmit. Senki sem sutyorgott, hogy gebasz van. Hogy lehet egy gyermekekkel dolgoz\u00f3nak a nyak\u00e1ba tenni a kussoltat\u00e1s terh\u00e9t? H\u00e1t nem sz\u00e9gyenlik magukat? Milli\u00e1rdokat ford\u00edtanak minden egy\u00e9b, a politikai elit \u00e9s \u201ebar\u00e1ti\u201d sz\u00e1m\u00e1ra kiv\u00e1lts\u00e1gos dolgokra, \u00e9sz n\u00e9lk\u00fcl, de egy gyereknek perfor\u00e1lt vakb\u00e9llel \u00fagy kellett Szegedr\u0151l Pestre utaznia, hogy nem kapott f\u00e1jdalom csillap\u00edt\u00f3t, mert gyerek sz\u00e1m\u00e1ra ilyen szer nem volt a kocsiban. Igen, olyat m\u00e1r mi is tapasztaltunk, mikor ment\u0151 seg\u00edts\u00e9g\u00e9t k\u00e9rt\u00fck, hogy nem volt eszk\u00f6z\u00fck (seb\u00f6sszeh\u00faz\u00f3 ragtapasz, vizezhet\u0151 leped\u0151 s\u00falyos \u00e9g\u00e9si s\u00e9r\u00fcl\u00e9sre vagy ugyanarra h\u0171t\u0151g\u00e9l stb.) \u00e9s nem hiszem, hogy a szervezet felel\u0151tlens\u00e9ge miatt, hanem mert sp\u00f3rolniuk kell, rajtunk r\u00e1szorul\u00f3kon.<\/p>\n\n\n\n<p>Ha \u00f6t\u00f6sk\u00e9nk most m\u00e1jusban sz\u00fcletett volna hasonl\u00f3 k\u00f6r\u00fclm\u00e9nyekkel, mint n\u00e9gy \u00e9ve, akkor igen nagy val\u00f3sz\u00edn\u0171s\u00e9ggel meghalt volna. Hogy mi\u00e9rt? Teljes b\u00e9lelz\u00e1r\u00f3d\u00e1ssal sz\u00fcletett, ez egy m\u00e9hen bel\u00fcli fejl\u0151d\u00e9si zavar eredm\u00e9nye. K\u00e9t napos volt, mikor kider\u00fclt a baj \u00e9s m\u00e1r kisz\u00e1radva ker\u00fclt az intenz\u00edvre (r\u00e9szletekbe nem megyek bele, sok\u00e1ig csak aggodalmaskod\u00f3 any\u00e1nak n\u00e9ztek) de megm\u0171t\u00f6tt\u00e9k hamar, \u00e9s sz\u00e9pen felgy\u00f3gyult.<\/p>\n\n\n\n<p>Ilyen egy j\u00f3l m\u0171k\u00f6d\u0151 orsz\u00e1g? Ahol egy k\u00f3rh\u00e1zi oszt\u00e1ly t\u00e1mogat\u00f3i adom\u00e1nyokb\u00f3l marad fenn? Ahol \u00f6nk\u00e9ntes munk\u00e1t v\u00e1llal a szakorvos, p\u00e9nzeket, t\u00e1mogat\u00f3kat hajt fel, hogy a gyermekeknek alanyi jogon megj\u00e1r\u00f3 ell\u00e1t\u00e1s z\u00f6kken\u0151mentes legyen? Hov\u00e1 lett a p\u00e1ly\u00e1zati \u00f6sszeg, amit ugyan\u00fagy megnyert a szegedi k\u00f3rh\u00e1z is, mint a gy\u0151ri, csak az valami\u00e9rt befejezhette a b\u0151v\u00edt\u00e9st? \u00c9s forr\u00e1shi\u00e1nyra hivatkozva nem kapta meg a kivitelez\u0151 c\u00e9g? Ez nonszensz.<\/p>\n\n\n\n<p>Az is felh\u00e1bor\u00edt\u00f3 ami az oktat\u00e1ssal t\u00f6rt\u00e9nik. Nem volt el\u00e9g r\u00e9miszt\u0151 a gyermekeknek a Covid id\u0151szaka, most h\u00e1bor\u00faval kell fenyeget\u0151zni? Mi van, t\u00e1n hitlerjugendeket kell lassan toborozni? M\u00e1r bocs\u00e1nat a sz\u00f6rny\u0171 hasonlat\u00e9rt. Magukra hagyott szeg\u00e9ny csal\u00e1dokkal teli az orsz\u00e1g, akik csak vannak, mert es\u00e9ly\u00fck nincs eg\u00e9szs\u00e9ges \u00e9lelmiszerhez jutni. Csak t\u00f6mik a gyerekekbe az iskolai menz\u00e1kon a sz\u00e9nhidr\u00e1tot, gyorsan felsz\u00edv\u00f3d\u00f3 cukrokat. De ami a fejl\u0151d\u00e9s\u00fckh\u00f6z k\u00e9ne &#8211; j\u00f3 zs\u00edr, feh\u00e9rje, z\u00f6lds\u00e9g &#8211; az ki van sp\u00f3rolva! Mi\u00e9rt? Mert az dr\u00e1ga. Id\u00e9nyz\u00f6lds\u00e9g, gy\u00fcm\u00f6lcs? Horror \u00e1rakon, hogyan fogyaszthatna egy ember napi f\u00e9l kg z\u00f6lds\u00e9get? Egyre t\u00f6bb az \u00e9tel\u00e9rz\u00e9keny ember, olyan kinek val\u00f3ban a helytelen t\u00e1pl\u00e1lkoz\u00e1s okozza a gondot. \u00c9s mit adnak enni a k\u00f6z\u00e9tkeztet\u00e9sben (k\u00f3rh\u00e1z, suli, ovi stb.)? Liszt, olaj, cukor. Az\u00e9rt mert az \u00e9lelmiszer dr\u00e1ga. \u00c9s m\u00e9g nem is kell, hogy BIO legyen.<\/p>\n\n\n\n<p>Az \u00e1llam elengedi kez\u00e9b\u0151l a neh\u00e9z helyzetek megold\u00e1s\u00e1t, de nem engedi, hogy szakavatott emberek \u00e1tv\u00e9ve, t\u00e1mogat\u00e1ssal, azt j\u00f3l v\u00e9gezz\u00e9k.<\/p>\n\n\n\n<p>Az abortuszon \u00e1tesett n\u0151t megb\u00e9lyegzik. De nem tenn\u00e9nek a n\u0151gy\u00f3gy\u00e1szati klinik\u00e1kra egy irod\u00e1t, amiben seg\u00edten\u00e9k a kr\u00edzisben l\u00e9v\u0151 \u00e9desany\u00e1t, aki \u00e9ppen rossz h\u00edrt kapott. Nem, elengedi a kez\u00e9t, hisz ez az \u0151 felel\u0151ss\u00e9ge.<\/p>\n\n\n\n<p>A dr\u00e1ga j\u00f3 egyh\u00e1zak nem fogadnak fel olyan seg\u00edt\u0151ket akik a l\u00e1nyokat n\u0151ket seg\u00edten\u00e9k n\u0151is\u00e9g\u00fck minden r\u00e9szlet\u00e9ben (ciklusk\u00f6vet\u00e9s, szexualit\u00e1s, anyas\u00e1g stb.).<\/p>\n\n\n\n<p>Vannak kezdem\u00e9nyez\u00e9sek, amik haladnak egy-egy kis k\u00f6z\u00f6ss\u00e9gben, de ennek \u00e1ltal\u00e1nosnak k\u00e9ne lenni felekezett\u0151l f\u00fcggetlen\u00fcl.<\/p>\n\n\n\n<p>\u00c9s a korm\u00e1ny kereszt\u00e9nynek vallja mag\u00e1t? H\u00e1t ha ez a kereszt\u00e9nys\u00e9g, akkor \u00e9n nem vagyok az. Nekem ezek \u00f6ntelt hazugs\u00e1gok, s\u00e1t\u00e1ni rongyos vigyor&#8230;<\/p>\n\n\n\n<p>K\u00f6teleznek a gyermek \u00f3vod\u00e1ztat\u00e1s\u00e1ra, de nem t\u00e1mogatj\u00e1k anyagilag? N\u00e1lunk n\u00e9gyesk\u00e9nek nem j\u00e1r az ingyen \u00e9tkez\u00e9s, mert c\u00f6li\u00e1ki\u00e1s \u00e9s az ovi nem kap k\u00fcl\u00f6n keretet erre. Nem kap gy\u00f3gyped asszisztenst, mert a szakszolg\u00e1latis pap\u00edrj\u00e1n nem k\u00f6telez\u0151 neki adni, hanem csak javasolt. De mi vigy\u00fck be, mert b\u00fcnti lesz. Azt senki nem n\u00e9zi, hogy nek\u00fcnk mekkora anyagi teher. Hisz az ovi n\u00e1lunk is a sz\u00fcl\u0151k anyagi t\u00e1mogat\u00e1s\u00e1ra szorul: tisztas\u00e1gi csomagok, alkot\u00e1shoz sz\u00fcks\u00e9ges eszk\u00f6z\u00f6k, gy\u00fcm\u00f6lcs v\u00e1s\u00e1rl\u00e1s\u00e1ban. A mi munkahely\u00fcnk itthon van, a gyerekek oviba hurcol\u00e1sa munkaid\u0151 kies\u00e9s, \u00e9s \u00fatik\u00f6lts\u00e9g (2*18km, busz nem j\u00e1tszik) r\u00e1ford\u00edt\u00e1st jelent. De ez a kuty\u00e1t nem \u00e9rdekli, mert milyen szuper m\u00e1r a k\u00f6telez\u0151 \u00f3voda!<\/p>\n\n\n\n<p>\u00c9s a gyermekeim a hossz\u00fa tan\u00e9v miatt gyalogolnak a forr\u00f3 homokban a buszmeg\u00e1ll\u00f3t\u00f3l. Mert a k\u00fclter\u00fcleti gyerekeknek nem j\u00e1r seg\u00edts\u00e9g az iskol\u00e1ba j\u00e1r\u00e1shoz.<\/p>\n\n\n\n<p>Egy sz\u00f3 mint sz\u00e1z, jelenleg rossz idehaza nagycsal\u00e1dos mez\u0151gazdas\u00e1gi v\u00e1llalkoz\u00f3nak lenni, ahogy rossz h\u00e1tr\u00e1nyos helyzet\u0171nek, vagy csak egyszer\u0171en szabad gondolkod\u00e1s\u00fanak. Krisztusinak lenni. Der\u0171s, a dolgokban j\u00f3t tal\u00e1l\u00f3 ember vagyok, de ez a korm\u00e1nyzat rossz, \u00e9s azt k\u00edv\u00e1nom, ahol csak lehet szoruljon h\u00e1tt\u00e9rbe! Legyen f\u00e9kez\u0151je! Kapjon teret sok-sok m\u00e1s gondolkod\u00e1s\u00fa vezet\u0151, seg\u00edt\u0151! Ha valakikt\u0151l f\u00e9lten\u00fcnk kell a gyermekeinket, akkor azok az emberek, akik a sok ezer rendeletet megalkott\u00e1k az ut\u00f3bbi \u00e9vekben, vesz\u00e9lyhelyzetekre hivatkozva, szakemberekkel \u00e9rintettekkel nem egyeztetve! Akik v\u00e9denek gyermekeket b\u00e1ntalmaz\u00f3kat! Akiknek az EP k\u00e9pvisel\u0151i lust\u00e1k elmenni szavaz\u00e1sokra, \u00e9s csak utas\u00edt\u00e1sok \u00e1ltal k\u00e9pesek d\u00f6nt\u00e9seket hozni!<\/p>\n\n\n\n<p>Sok\u00e1ig sorolhatn\u00e1m a szennyet, de ink\u00e1bb csak bizakodom, rem\u00e9nykedem \u00e9s buzd\u00edtok mindenkit, hogy \u00fagy voksoljunk, hogy egyens\u00faly legyen! Ne szaladhasson el a l\u00f3 egyik ir\u00e1ny\u00fa vezet\u0151n\u00e9l sem! Ez\u00e9rt fontos, hogy most a FIDESZ-KDNP \u00e9s azok emberei min\u00e9l kevesebb szavazatot kapjanak. Dr\u00e1ga Nagysz\u00fcl\u0151k, Sz\u00fcl\u0151k ne akarj\u00e1tok t\u00e1volba k\u00fcldeni unok\u00e1itokat, mert a fiataloknak, gyerekeknek most rossz ebben az orsz\u00e1gban, m\u00e1shol fognak boldogul\u00e1st tal\u00e1lni. Ne szakadjanak sz\u00e9t a csal\u00e1dok!<\/p>\n\n\n\n<p>\u00c1ldjon \u00e9s \u0151rizzen meg az \u00dar! J\u00e1rjunk Szeretet\u00e9ben!<\/p>\n","protected":false},"excerpt":{"rendered":"<p>Ki l\u00e1tta a H\u00fcly\u00e9k paradicsoma c. filmet? \u00c9rdemes megn\u00e9zni \u00e9s megd\u00f6bbenni a jelenen \u00e9s j\u00f3kat r\u00f6h\u00f6gni, magunkon&#8230; Magunkon, mert jelen korunkat l\u00e1thatjuk a filmen. A minap volt D napi megeml\u00e9kez\u00e9s, Franciaorsz\u00e1gb\u00f3l k\u00f6zvet\u00edtve l\u00e1ttam p\u00e1r jelenetet. USA eln\u00f6ke is besz\u00e9lt. Mes\u00e9lt arr\u00f3l, hogy a szabads\u00e1gnak \u00e1ra van, amit meg kell fizetni. A baj ezzel csak annyi, [&hellip;]<\/p>\n","protected":false},"author":1,"featured_media":184,"comment_status":"open","ping_status":"open","sticky":false,"template":"","format":"standard","meta":{"_monsterinsights_skip_tracking":false,"_monsterinsights_sitenote_active":false,"_monsterinsights_sitenote_note":"","_monsterinsights_sitenote_category":0,"footnotes":""},"categories":[17],"tags":[],"yoast_head":"<!-- This site is optimized with the Yoast SEO plugin v22.8 - https:\/\/yoast.com\/wordpress\/plugins\/seo\/ -->\n<title>A szabads\u00e1g \u00e1ra - Sivatagi r\u00f3zsa<\/title>\n<meta name=\"robots\" content=\"index, follow, max-snippet:-1, max-image-preview:large, max-video-preview:-1\" \/>\n<link rel=\"canonical\" href=\"https:\/\/www.sivatagirozsa.hu\/?p=182\" \/>\n<meta property=\"og:locale\" content=\"hu_HU\" \/>\n<meta property=\"og:type\" content=\"article\" \/>\n<meta property=\"og:title\" content=\"A szabads\u00e1g \u00e1ra - Sivatagi r\u00f3zsa\" \/>\n<meta property=\"og:description\" content=\"Ki l\u00e1tta a H\u00fcly\u00e9k paradicsoma c. filmet? \u00c9rdemes megn\u00e9zni \u00e9s megd\u00f6bbenni a jelenen \u00e9s j\u00f3kat r\u00f6h\u00f6gni, magunkon&#8230; Magunkon, mert jelen korunkat l\u00e1thatjuk a filmen. A minap volt D napi megeml\u00e9kez\u00e9s, Franciaorsz\u00e1gb\u00f3l k\u00f6zvet\u00edtve l\u00e1ttam p\u00e1r jelenetet. USA eln\u00f6ke is besz\u00e9lt. Mes\u00e9lt arr\u00f3l, hogy a szabads\u00e1gnak \u00e1ra van, amit meg kell fizetni. A baj ezzel csak annyi, [&hellip;]\" \/>\n<meta property=\"og:url\" content=\"https:\/\/www.sivatagirozsa.hu\/?p=182\" \/>\n<meta property=\"og:site_name\" content=\"Sivatagi r\u00f3zsa\" \/>\n<meta property=\"article:published_time\" content=\"2024-06-07T13:06:55+00:00\" \/>\n<meta property=\"article:modified_time\" content=\"2024-06-07T13:08:56+00:00\" \/>\n<meta property=\"og:image\" content=\"https:\/\/www.sivatagirozsa.hu\/wp-content\/uploads\/2024\/06\/IMG_5643-scaled.jpg\" \/>\n\t<meta property=\"og:image:width\" content=\"2560\" \/>\n\t<meta property=\"og:image:height\" content=\"1707\" \/>\n\t<meta property=\"og:image:type\" content=\"image\/jpeg\" \/>\n<meta name=\"author\" content=\"helga01\" \/>\n<meta name=\"twitter:card\" content=\"summary_large_image\" \/>\n<meta name=\"twitter:label1\" content=\"Szerz\u0151:\" \/>\n\t<meta name=\"twitter:data1\" content=\"helga01\" \/>\n\t<meta name=\"twitter:label2\" content=\"Becs\u00fclt olvas\u00e1si id\u0151\" \/>\n\t<meta name=\"twitter:data2\" content=\"7 perc\" \/>\n<script type=\"application\/ld+json\" class=\"yoast-schema-graph\">{\"@context\":\"https:\/\/schema.org\",\"@graph\":[{\"@type\":\"WebPage\",\"@id\":\"https:\/\/www.sivatagirozsa.hu\/?p=182\",\"url\":\"https:\/\/www.sivatagirozsa.hu\/?p=182\",\"name\":\"A szabads\u00e1g \u00e1ra - Sivatagi r\u00f3zsa\",\"isPartOf\":{\"@id\":\"https:\/\/www.sivatagirozsa.hu\/#website\"},\"primaryImageOfPage\":{\"@id\":\"https:\/\/www.sivatagirozsa.hu\/?p=182#primaryimage\"},\"image\":{\"@id\":\"https:\/\/www.sivatagirozsa.hu\/?p=182#primaryimage\"},\"thumbnailUrl\":\"https:\/\/www.sivatagirozsa.hu\/wp-content\/uploads\/2024\/06\/IMG_5643-scaled.jpg\",\"datePublished\":\"2024-06-07T13:06:55+00:00\",\"dateModified\":\"2024-06-07T13:08:56+00:00\",\"author\":{\"@id\":\"https:\/\/www.sivatagirozsa.hu\/#\/schema\/person\/3a4d2febff4efd5ca805221524c51aa4\"},\"breadcrumb\":{\"@id\":\"https:\/\/www.sivatagirozsa.hu\/?p=182#breadcrumb\"},\"inLanguage\":\"hu\",\"potentialAction\":[{\"@type\":\"ReadAction\",\"target\":[\"https:\/\/www.sivatagirozsa.hu\/?p=182\"]}]},{\"@type\":\"ImageObject\",\"inLanguage\":\"hu\",\"@id\":\"https:\/\/www.sivatagirozsa.hu\/?p=182#primaryimage\",\"url\":\"https:\/\/www.sivatagirozsa.hu\/wp-content\/uploads\/2024\/06\/IMG_5643-scaled.jpg\",\"contentUrl\":\"https:\/\/www.sivatagirozsa.hu\/wp-content\/uploads\/2024\/06\/IMG_5643-scaled.jpg\",\"width\":2560,\"height\":1707},{\"@type\":\"BreadcrumbList\",\"@id\":\"https:\/\/www.sivatagirozsa.hu\/?p=182#breadcrumb\",\"itemListElement\":[{\"@type\":\"ListItem\",\"position\":1,\"name\":\"Home\",\"item\":\"https:\/\/www.sivatagirozsa.hu\/\"},{\"@type\":\"ListItem\",\"position\":2,\"name\":\"A szabads\u00e1g \u00e1ra\"}]},{\"@type\":\"WebSite\",\"@id\":\"https:\/\/www.sivatagirozsa.hu\/#website\",\"url\":\"https:\/\/www.sivatagirozsa.hu\/\",\"name\":\"Sivatagi r\u00f3zsa\",\"description\":\"Helgi blogja hitr\u0151l, csal\u00e1dr\u00f3l, finoms\u00e1gokr\u00f3l a tany\u00e1r\u00f3l.\",\"potentialAction\":[{\"@type\":\"SearchAction\",\"target\":{\"@type\":\"EntryPoint\",\"urlTemplate\":\"https:\/\/www.sivatagirozsa.hu\/?s={search_term_string}\"},\"query-input\":\"required name=search_term_string\"}],\"inLanguage\":\"hu\"},{\"@type\":\"Person\",\"@id\":\"https:\/\/www.sivatagirozsa.hu\/#\/schema\/person\/3a4d2febff4efd5ca805221524c51aa4\",\"name\":\"helga01\",\"image\":{\"@type\":\"ImageObject\",\"inLanguage\":\"hu\",\"@id\":\"https:\/\/www.sivatagirozsa.hu\/#\/schema\/person\/image\/\",\"url\":\"https:\/\/secure.gravatar.com\/avatar\/6f93e780b2b1f17b2e237de3f8e41930?s=96&d=mm&r=g\",\"contentUrl\":\"https:\/\/secure.gravatar.com\/avatar\/6f93e780b2b1f17b2e237de3f8e41930?s=96&d=mm&r=g\",\"caption\":\"helga01\"},\"sameAs\":[\"https:\/\/www.sivatagirozsa.hu\"],\"url\":\"https:\/\/www.sivatagirozsa.hu\/?author=1\"}]}<\/script>\n<!-- \/ Yoast SEO plugin. -->","yoast_head_json":{"title":"A szabads\u00e1g \u00e1ra - Sivatagi r\u00f3zsa","robots":{"index":"index","follow":"follow","max-snippet":"max-snippet:-1","max-image-preview":"max-image-preview:large","max-video-preview":"max-video-preview:-1"},"canonical":"https:\/\/www.sivatagirozsa.hu\/?p=182","og_locale":"hu_HU","og_type":"article","og_title":"A szabads\u00e1g \u00e1ra - Sivatagi r\u00f3zsa","og_description":"Ki l\u00e1tta a H\u00fcly\u00e9k paradicsoma c. filmet? \u00c9rdemes megn\u00e9zni \u00e9s megd\u00f6bbenni a jelenen \u00e9s j\u00f3kat r\u00f6h\u00f6gni, magunkon&#8230; Magunkon, mert jelen korunkat l\u00e1thatjuk a filmen. A minap volt D napi megeml\u00e9kez\u00e9s, Franciaorsz\u00e1gb\u00f3l k\u00f6zvet\u00edtve l\u00e1ttam p\u00e1r jelenetet. USA eln\u00f6ke is besz\u00e9lt. Mes\u00e9lt arr\u00f3l, hogy a szabads\u00e1gnak \u00e1ra van, amit meg kell fizetni. A baj ezzel csak annyi, [&hellip;]","og_url":"https:\/\/www.sivatagirozsa.hu\/?p=182","og_site_name":"Sivatagi r\u00f3zsa","article_published_time":"2024-06-07T13:06:55+00:00","article_modified_time":"2024-06-07T13:08:56+00:00","og_image":[{"width":2560,"height":1707,"url":"https:\/\/www.sivatagirozsa.hu\/wp-content\/uploads\/2024\/06\/IMG_5643-scaled.jpg","type":"image\/jpeg"}],"author":"helga01","twitter_card":"summary_large_image","twitter_misc":{"Szerz\u0151:":"helga01","Becs\u00fclt olvas\u00e1si id\u0151":"7 perc"},"schema":{"@context":"https:\/\/schema.org","@graph":[{"@type":"WebPage","@id":"https:\/\/www.sivatagirozsa.hu\/?p=182","url":"https:\/\/www.sivatagirozsa.hu\/?p=182","name":"A szabads\u00e1g \u00e1ra - Sivatagi r\u00f3zsa","isPartOf":{"@id":"https:\/\/www.sivatagirozsa.hu\/#website"},"primaryImageOfPage":{"@id":"https:\/\/www.sivatagirozsa.hu\/?p=182#primaryimage"},"image":{"@id":"https:\/\/www.sivatagirozsa.hu\/?p=182#primaryimage"},"thumbnailUrl":"https:\/\/www.sivatagirozsa.hu\/wp-content\/uploads\/2024\/06\/IMG_5643-scaled.jpg","datePublished":"2024-06-07T13:06:55+00:00","dateModified":"2024-06-07T13:08:56+00:00","author":{"@id":"https:\/\/www.sivatagirozsa.hu\/#\/schema\/person\/3a4d2febff4efd5ca805221524c51aa4"},"breadcrumb":{"@id":"https:\/\/www.sivatagirozsa.hu\/?p=182#breadcrumb"},"inLanguage":"hu","potentialAction":[{"@type":"ReadAction","target":["https:\/\/www.sivatagirozsa.hu\/?p=182"]}]},{"@type":"ImageObject","inLanguage":"hu","@id":"https:\/\/www.sivatagirozsa.hu\/?p=182#primaryimage","url":"https:\/\/www.sivatagirozsa.hu\/wp-content\/uploads\/2024\/06\/IMG_5643-scaled.jpg","contentUrl":"https:\/\/www.sivatagirozsa.hu\/wp-content\/uploads\/2024\/06\/IMG_5643-scaled.jpg","width":2560,"height":1707},{"@type":"BreadcrumbList","@id":"https:\/\/www.sivatagirozsa.hu\/?p=182#breadcrumb","itemListElement":[{"@type":"ListItem","position":1,"name":"Home","item":"https:\/\/www.sivatagirozsa.hu\/"},{"@type":"ListItem","position":2,"name":"A szabads\u00e1g \u00e1ra"}]},{"@type":"WebSite","@id":"https:\/\/www.sivatagirozsa.hu\/#website","url":"https:\/\/www.sivatagirozsa.hu\/","name":"Sivatagi r\u00f3zsa","description":"Helgi blogja hitr\u0151l, csal\u00e1dr\u00f3l, finoms\u00e1gokr\u00f3l a tany\u00e1r\u00f3l.","potentialAction":[{"@type":"SearchAction","target":{"@type":"EntryPoint","urlTemplate":"https:\/\/www.sivatagirozsa.hu\/?s={search_term_string}"},"query-input":"required name=search_term_string"}],"inLanguage":"hu"},{"@type":"Person","@id":"https:\/\/www.sivatagirozsa.hu\/#\/schema\/person\/3a4d2febff4efd5ca805221524c51aa4","name":"helga01","image":{"@type":"ImageObject","inLanguage":"hu","@id":"https:\/\/www.sivatagirozsa.hu\/#\/schema\/person\/image\/","url":"https:\/\/secure.gravatar.com\/avatar\/6f93e780b2b1f17b2e237de3f8e41930?s=96&d=mm&r=g","contentUrl":"https:\/\/secure.gravatar.com\/avatar\/6f93e780b2b1f17b2e237de3f8e41930?s=96&d=mm&r=g","caption":"helga01"},"sameAs":["https:\/\/www.sivatagirozsa.hu"],"url":"https:\/\/www.sivatagirozsa.hu\/?author=1"}]}},"_links":{"self":[{"href":"https:\/\/www.sivatagirozsa.hu\/index.php?rest_route=\/wp\/v2\/posts\/182"}],"collection":[{"href":"https:\/\/www.sivatagirozsa.hu\/index.php?rest_route=\/wp\/v2\/posts"}],"about":[{"href":"https:\/\/www.sivatagirozsa.hu\/index.php?rest_route=\/wp\/v2\/types\/post"}],"author":[{"embeddable":true,"href":"https:\/\/www.sivatagirozsa.hu\/index.php?rest_route=\/wp\/v2\/users\/1"}],"replies":[{"embeddable":true,"href":"https:\/\/www.sivatagirozsa.hu\/index.php?rest_route=%2Fwp%2Fv2%2Fcomments&post=182"}],"version-history":[{"count":2,"href":"https:\/\/www.sivatagirozsa.hu\/index.php?rest_route=\/wp\/v2\/posts\/182\/revisions"}],"predecessor-version":[{"id":186,"href":"https:\/\/www.sivatagirozsa.hu\/index.php?rest_route=\/wp\/v2\/posts\/182\/revisions\/186"}],"wp:featuredmedia":[{"embeddable":true,"href":"https:\/\/www.sivatagirozsa.hu\/index.php?rest_route=\/wp\/v2\/media\/184"}],"wp:attachment":[{"href":"https:\/\/www.sivatagirozsa.hu\/index.php?rest_route=%2Fwp%2Fv2%2Fmedia&parent=182"}],"wp:term":[{"taxonomy":"category","embeddable":true,"href":"https:\/\/www.sivatagirozsa.hu\/index.php?rest_route=%2Fwp%2Fv2%2Fcategories&post=182"},{"taxonomy":"post_tag","embeddable":true,"href":"https:\/\/www.sivatagirozsa.hu\/index.php?rest_route=%2Fwp%2Fv2%2Ftags&post=182"}],"curies":[{"name":"wp","href":"https:\/\/api.w.org\/{rel}","templated":true}]}}